{"id":7083,"date":"2025-12-17T10:47:20","date_gmt":"2025-12-17T09:47:20","guid":{"rendered":"https:\/\/musiculum.de\/?p=7083"},"modified":"2025-12-17T11:06:04","modified_gmt":"2025-12-17T10:06:04","slug":"kiel-move-groove-2","status":"publish","type":"post","link":"https:\/\/musiculum.de\/index.php\/2025\/12\/17\/kiel-move-groove-2\/","title":{"rendered":"Kiel Move &#038; Groove"},"content":{"rendered":"<div id=\"pg-7083-0\"  class=\"panel-grid\" ><div class=\"panel-grid-core\"><div id=\"pgc-7083-0-0\"  class=\"panel-grid-cell\" ><\/div><div id=\"pgc-7083-0-1\"  class=\"panel-grid-cell\" ><\/div><div id=\"pgc-7083-0-2\"  class=\"panel-grid-cell\" ><\/div><\/div><\/div><div id=\"pg-7083-1\"  class=\"panel-grid\" ><div class=\"panel-grid-core\"><div id=\"pgc-7083-1-0\"  class=\"panel-grid-cell\" ><div class=\"panel-widget-style\" ><div class=\"animated start-fadeInUp\" title=\"\"><div class=\"sc-lightbox image\"><span><img decoding=\"async\" class=\"lightbox\" src=\"https:\/\/musiculum.de\/wp-content\/uploads\/2025\/12\/spendenuebergabe_weihnachtsmarkt_pauluskirche_2025_03_01-scaled.jpg\"><\/span><div class=\"image-overlay style2\"><div class=\"image-overlay-inner\"><div class=\"hover-icons\"><a class=\"hover-zoom prettyPhoto\" href=\"https:\/\/musiculum.de\/wp-content\/uploads\/2025\/12\/spendenuebergabe_weihnachtsmarkt_pauluskirche_2025_03_01-scaled.jpg\"><\/a><\/div><\/div><\/div><\/div><\/div><div class=\"clearboth\"><\/div><\/div><div class=\"panel-widget-style\" ><div class=\"animated start-fadeInUp\" title=\"\"><div class=\"sc-lightbox image\"><span><img decoding=\"async\" class=\"lightbox\" src=\"https:\/\/musiculum.de\/wp-content\/uploads\/2025\/11\/1.jpg\"><\/span><div class=\"image-overlay style2\"><div class=\"image-overlay-inner\"><div class=\"hover-icons\"><a class=\"hover-zoom prettyPhoto\" href=\"https:\/\/musiculum.de\/wp-content\/uploads\/2025\/11\/1.jpg\"><\/a><\/div><\/div><\/div><\/div><\/div><div class=\"clearboth\"><\/div><\/div><\/div><div id=\"pgc-7083-1-1\"  class=\"panel-grid-cell\" ><div class=\"panel-widget-style\" >\t\t\t<div class=\"textwidget\"><h2>22.000,- Euro-Spende zugunsten des Projektes &#8220;Kiel Move &amp; Groove&#8221;<\/h2>\n<p>Am 2. Advent fand rund um die Pauluskirche Kiel der traditionelle Weihnachtsmarkt statt. Die Erl\u00f6se aus dem Verkauf von Waffel, Punsch und Christbaum kommen jedes Jahr einer anderen gemeinn\u00fctzigen Einrichtung zugute. In diesem Jahr fiel diesbez\u00fcglich die Wahl auf das musiculum.<\/p>\n<p>Am Dienstag, den 16.12.2026 erfolgte im Rahmen einer feierlichen Zusammenkunft vor Ort in der Pauluskirche die \u00dcbergabe des symbolischen Spendenschecks an die Gesch\u00e4ftsf\u00fchrerin des musiculums Anne Hermans. Die somit in Empfang genommene stattliche Summe in H\u00f6he von 22.000,- Euro erm\u00f6glicht die Fortf\u00fchrung des musiculum-Projektes &#8220;Kiel Move &amp; Groove&#8221;, bei dem ca. 150 Jugendliche die Chance bekommen, ihre musischen Talente und F\u00e4higkeiten zu entdecken und weiterzuentwickeln.<\/p>\n<p>Wir danken sehr herzlich allen Besuchenden des Weihnachtsmarkts, die trotz kurzem Regenschauer vor Ort geblieben bzw. noch dazu gekommen sind &#8211; und vielleicht auch beim musiculum-Advents-Trommel-Abenteuer Karla Katze den Nikolaus aus Schokolade haben finden lassen.<\/p>\n<p>Ein sehr herzliches Dankesch\u00f6n zudem allen an der engagierten Durchf\u00fchrung des Marktes Beteiligten und an die Kieler Institutionen:<br \/>\n<strong>Heiligengeistgemeinde, Inner Wheel, Johanniter, Kiwanis, Ladies Circle, Lions, Pfadfinder Stamm Ansgar, Rotaract, Rotary, Soroptimist International, Stamp Media und Zonta.<\/strong><\/p>\n<p>&nbsp;<\/p>\n<\/div>\n\t\t<\/div><\/div><\/div><\/div><div id=\"pg-7083-2\"  class=\"panel-grid\" ><div class=\"panel-grid-core\"><div id=\"pgc-7083-2-0\"  class=\"panel-grid-cell\" ><div class=\"panel-widget-style\" ><div class=\"divider\"><\/div><\/div><\/div><\/div><\/div><div id=\"pg-7083-3\"  class=\"panel-grid\" ><div class=\"panel-grid-core\"><div id=\"pgc-7083-3-0\"  class=\"panel-grid-cell\" ><div class=\"panel-widget-style\" ><p style=\"\"><img decoding=\"async\" src=\"https:\/\/musiculum.de\/wp-content\/uploads\/2025\/11\/20221124_111121-scaled.jpg\" alt=\"\" style=\"\" \/><\/p><\/div><div class=\"panel-widget-style\" ><p style=\"\"><img decoding=\"async\" src=\"https:\/\/musiculum.de\/wp-content\/uploads\/2025\/11\/DSC_0152-scaled.jpg\" alt=\"\" style=\"\" \/><\/p><\/div><\/div><div id=\"pgc-7083-3-1\"  class=\"panel-grid-cell\" ><div class=\"panel-widget-style\" >\t\t\t<div class=\"textwidget\"><h2>Kiel: Move &amp; Groove \u2013 Musik, Bewegung und Gemeinschaft im musiculum<\/h2>\n<p><strong>Kiel Move &amp; Groove<\/strong> ist ein kreatives Musikprojekt f\u00fcr Jugendliche der Klassenstufen 5 und 6 aus drei Kieler Gemeinschaftsschulen. Insgesamt nehmen rund <strong>150 Jugendliche<\/strong> daran teil. Die Teilnehmenden w\u00e4hlen selbst, ob sie sich in den Bereichen <strong>Gesang<\/strong>, <strong>Tanz<\/strong> oder <strong>Rhythmus<\/strong> engagieren m\u00f6chten. Drei erfahrene Coaches leiten die Gruppen von etwa 15 Teilnehmenden an. Geprobt wird in mehreren 3-t\u00e4gigen Projektphasen. H\u00f6hepunkt ist eine Auff\u00fchrung mit allen Teilnehmenden in den Schulen.<\/p>\n<\/div>\n\t\t<\/div><\/div><\/div><\/div>","protected":false},"excerpt":{"rendered":"<p>22.000,- Euro-Spende zugunsten des Projektes &#8220;Kiel Move &amp; Groove&#8221; Am 2. Advent fand rund um die Pauluskirche Kiel der traditionelle Weihnachtsmarkt statt. Die Erl\u00f6se aus dem Verkauf von Waffel, Punsch und Christbaum kommen jedes Jahr einer anderen gemeinn\u00fctzigen Einrichtung zugute. In diesem Jahr fiel diesbez\u00fcglich die Wahl auf das musiculum. Am Dienstag, den 16.12.2026 erfolgte [&hellip;]<\/p>\n","protected":false},"author":2,"featured_media":0,"comment_status":"closed","ping_status":"closed","sticky":false,"template":"","format":"standard","meta":{"footnotes":""},"categories":[1],"tags":[],"class_list":["post-7083","post","type-post","status-publish","format-standard","hentry","category-allgemein"],"yoast_head":"<!-- This site is optimized with the Yoast SEO plugin v27.4 - https:\/\/yoast.com\/product\/yoast-seo-wordpress\/ -->\n<title>Kiel Move &amp; Groove - musiculum<\/title>\n<meta name=\"robots\" content=\"index, follow, max-snippet:-1, max-image-preview:large, max-video-preview:-1\" \/>\n<link rel=\"canonical\" href=\"https:\/\/musiculum.de\/index.php\/2025\/12\/17\/kiel-move-groove-2\/\" \/>\n<meta property=\"og:locale\" content=\"de_DE\" \/>\n<meta property=\"og:type\" content=\"article\" \/>\n<meta property=\"og:title\" content=\"Kiel Move &amp; Groove - musiculum\" \/>\n<meta property=\"og:description\" content=\"22.000,- Euro-Spende zugunsten des Projektes &quot;Kiel Move &amp; Groove&quot; Am 2. Advent fand rund um die Pauluskirche Kiel der traditionelle Weihnachtsmarkt statt. Die Erl\u00f6se aus dem Verkauf von Waffel, Punsch und Christbaum kommen jedes Jahr einer anderen gemeinn\u00fctzigen Einrichtung zugute. In diesem Jahr fiel diesbez\u00fcglich die Wahl auf das musiculum. Am Dienstag, den 16.12.2026 erfolgte [&hellip;]\" \/>\n<meta property=\"og:url\" content=\"https:\/\/musiculum.de\/index.php\/2025\/12\/17\/kiel-move-groove-2\/\" \/>\n<meta property=\"og:site_name\" content=\"musiculum\" \/>\n<meta property=\"article:published_time\" content=\"2025-12-17T09:47:20+00:00\" \/>\n<meta property=\"article:modified_time\" content=\"2025-12-17T10:06:04+00:00\" \/>\n<meta name=\"author\" content=\"brockmann\" \/>\n<meta name=\"twitter:card\" content=\"summary_large_image\" \/>\n<meta name=\"twitter:label1\" content=\"Geschrieben von\" \/>\n\t<meta name=\"twitter:data1\" content=\"brockmann\" \/>\n\t<meta name=\"twitter:label2\" content=\"Gesch\u00e4tzte Lesezeit\" \/>\n\t<meta name=\"twitter:data2\" content=\"3\u00a0Minuten\" \/>\n<script type=\"application\/ld+json\" class=\"yoast-schema-graph\">{\"@context\":\"https:\\\/\\\/schema.org\",\"@graph\":[{\"@type\":\"Article\",\"@id\":\"https:\\\/\\\/musiculum.de\\\/index.php\\\/2025\\\/12\\\/17\\\/kiel-move-groove-2\\\/#article\",\"isPartOf\":{\"@id\":\"https:\\\/\\\/musiculum.de\\\/index.php\\\/2025\\\/12\\\/17\\\/kiel-move-groove-2\\\/\"},\"author\":{\"name\":\"brockmann\",\"@id\":\"https:\\\/\\\/musiculum.de\\\/#\\\/schema\\\/person\\\/611c06fbf1ea6aa984d0808d305ea4ff\"},\"headline\":\"Kiel Move &#038; Groove\",\"datePublished\":\"2025-12-17T09:47:20+00:00\",\"dateModified\":\"2025-12-17T10:06:04+00:00\",\"mainEntityOfPage\":{\"@id\":\"https:\\\/\\\/musiculum.de\\\/index.php\\\/2025\\\/12\\\/17\\\/kiel-move-groove-2\\\/\"},\"wordCount\":319,\"inLanguage\":\"de\"},{\"@type\":\"WebPage\",\"@id\":\"https:\\\/\\\/musiculum.de\\\/index.php\\\/2025\\\/12\\\/17\\\/kiel-move-groove-2\\\/\",\"url\":\"https:\\\/\\\/musiculum.de\\\/index.php\\\/2025\\\/12\\\/17\\\/kiel-move-groove-2\\\/\",\"name\":\"Kiel Move & Groove - musiculum\",\"isPartOf\":{\"@id\":\"https:\\\/\\\/musiculum.de\\\/#website\"},\"datePublished\":\"2025-12-17T09:47:20+00:00\",\"dateModified\":\"2025-12-17T10:06:04+00:00\",\"author\":{\"@id\":\"https:\\\/\\\/musiculum.de\\\/#\\\/schema\\\/person\\\/611c06fbf1ea6aa984d0808d305ea4ff\"},\"breadcrumb\":{\"@id\":\"https:\\\/\\\/musiculum.de\\\/index.php\\\/2025\\\/12\\\/17\\\/kiel-move-groove-2\\\/#breadcrumb\"},\"inLanguage\":\"de\",\"potentialAction\":[{\"@type\":\"ReadAction\",\"target\":[\"https:\\\/\\\/musiculum.de\\\/index.php\\\/2025\\\/12\\\/17\\\/kiel-move-groove-2\\\/\"]}]},{\"@type\":\"BreadcrumbList\",\"@id\":\"https:\\\/\\\/musiculum.de\\\/index.php\\\/2025\\\/12\\\/17\\\/kiel-move-groove-2\\\/#breadcrumb\",\"itemListElement\":[{\"@type\":\"ListItem\",\"position\":1,\"name\":\"Startseite\",\"item\":\"https:\\\/\\\/musiculum.de\\\/\"},{\"@type\":\"ListItem\",\"position\":2,\"name\":\"Kiel Move &#038; Groove\"}]},{\"@type\":\"WebSite\",\"@id\":\"https:\\\/\\\/musiculum.de\\\/#website\",\"url\":\"https:\\\/\\\/musiculum.de\\\/\",\"name\":\"musiculum\",\"description\":\"Lern- und Experimentierwerkstatt f\u00fcr Kinder und Jugendliche\",\"potentialAction\":[{\"@type\":\"SearchAction\",\"target\":{\"@type\":\"EntryPoint\",\"urlTemplate\":\"https:\\\/\\\/musiculum.de\\\/?s={search_term_string}\"},\"query-input\":{\"@type\":\"PropertyValueSpecification\",\"valueRequired\":true,\"valueName\":\"search_term_string\"}}],\"inLanguage\":\"de\"},{\"@type\":\"Person\",\"@id\":\"https:\\\/\\\/musiculum.de\\\/#\\\/schema\\\/person\\\/611c06fbf1ea6aa984d0808d305ea4ff\",\"name\":\"brockmann\",\"url\":\"https:\\\/\\\/musiculum.de\\\/index.php\\\/author\\\/brockmann\\\/\"}]}<\/script>\n<!-- \/ Yoast SEO plugin. -->","yoast_head_json":{"title":"Kiel Move & Groove - musiculum","robots":{"index":"index","follow":"follow","max-snippet":"max-snippet:-1","max-image-preview":"max-image-preview:large","max-video-preview":"max-video-preview:-1"},"canonical":"https:\/\/musiculum.de\/index.php\/2025\/12\/17\/kiel-move-groove-2\/","og_locale":"de_DE","og_type":"article","og_title":"Kiel Move & Groove - musiculum","og_description":"22.000,- Euro-Spende zugunsten des Projektes \"Kiel Move &amp; Groove\" Am 2. Advent fand rund um die Pauluskirche Kiel der traditionelle Weihnachtsmarkt statt. Die Erl\u00f6se aus dem Verkauf von Waffel, Punsch und Christbaum kommen jedes Jahr einer anderen gemeinn\u00fctzigen Einrichtung zugute. In diesem Jahr fiel diesbez\u00fcglich die Wahl auf das musiculum. Am Dienstag, den 16.12.2026 erfolgte [&hellip;]","og_url":"https:\/\/musiculum.de\/index.php\/2025\/12\/17\/kiel-move-groove-2\/","og_site_name":"musiculum","article_published_time":"2025-12-17T09:47:20+00:00","article_modified_time":"2025-12-17T10:06:04+00:00","author":"brockmann","twitter_card":"summary_large_image","twitter_misc":{"Geschrieben von":"brockmann","Gesch\u00e4tzte Lesezeit":"3\u00a0Minuten"},"schema":{"@context":"https:\/\/schema.org","@graph":[{"@type":"Article","@id":"https:\/\/musiculum.de\/index.php\/2025\/12\/17\/kiel-move-groove-2\/#article","isPartOf":{"@id":"https:\/\/musiculum.de\/index.php\/2025\/12\/17\/kiel-move-groove-2\/"},"author":{"name":"brockmann","@id":"https:\/\/musiculum.de\/#\/schema\/person\/611c06fbf1ea6aa984d0808d305ea4ff"},"headline":"Kiel Move &#038; Groove","datePublished":"2025-12-17T09:47:20+00:00","dateModified":"2025-12-17T10:06:04+00:00","mainEntityOfPage":{"@id":"https:\/\/musiculum.de\/index.php\/2025\/12\/17\/kiel-move-groove-2\/"},"wordCount":319,"inLanguage":"de"},{"@type":"WebPage","@id":"https:\/\/musiculum.de\/index.php\/2025\/12\/17\/kiel-move-groove-2\/","url":"https:\/\/musiculum.de\/index.php\/2025\/12\/17\/kiel-move-groove-2\/","name":"Kiel Move & Groove - musiculum","isPartOf":{"@id":"https:\/\/musiculum.de\/#website"},"datePublished":"2025-12-17T09:47:20+00:00","dateModified":"2025-12-17T10:06:04+00:00","author":{"@id":"https:\/\/musiculum.de\/#\/schema\/person\/611c06fbf1ea6aa984d0808d305ea4ff"},"breadcrumb":{"@id":"https:\/\/musiculum.de\/index.php\/2025\/12\/17\/kiel-move-groove-2\/#breadcrumb"},"inLanguage":"de","potentialAction":[{"@type":"ReadAction","target":["https:\/\/musiculum.de\/index.php\/2025\/12\/17\/kiel-move-groove-2\/"]}]},{"@type":"BreadcrumbList","@id":"https:\/\/musiculum.de\/index.php\/2025\/12\/17\/kiel-move-groove-2\/#breadcrumb","itemListElement":[{"@type":"ListItem","position":1,"name":"Startseite","item":"https:\/\/musiculum.de\/"},{"@type":"ListItem","position":2,"name":"Kiel Move &#038; Groove"}]},{"@type":"WebSite","@id":"https:\/\/musiculum.de\/#website","url":"https:\/\/musiculum.de\/","name":"musiculum","description":"Lern- und Experimentierwerkstatt f\u00fcr Kinder und Jugendliche","potentialAction":[{"@type":"SearchAction","target":{"@type":"EntryPoint","urlTemplate":"https:\/\/musiculum.de\/?s={search_term_string}"},"query-input":{"@type":"PropertyValueSpecification","valueRequired":true,"valueName":"search_term_string"}}],"inLanguage":"de"},{"@type":"Person","@id":"https:\/\/musiculum.de\/#\/schema\/person\/611c06fbf1ea6aa984d0808d305ea4ff","name":"brockmann","url":"https:\/\/musiculum.de\/index.php\/author\/brockmann\/"}]}},"_links":{"self":[{"href":"https:\/\/musiculum.de\/index.php\/wp-json\/wp\/v2\/posts\/7083","targetHints":{"allow":["GET"]}}],"collection":[{"href":"https:\/\/musiculum.de\/index.php\/wp-json\/wp\/v2\/posts"}],"about":[{"href":"https:\/\/musiculum.de\/index.php\/wp-json\/wp\/v2\/types\/post"}],"author":[{"embeddable":true,"href":"https:\/\/musiculum.de\/index.php\/wp-json\/wp\/v2\/users\/2"}],"replies":[{"embeddable":true,"href":"https:\/\/musiculum.de\/index.php\/wp-json\/wp\/v2\/comments?post=7083"}],"version-history":[{"count":5,"href":"https:\/\/musiculum.de\/index.php\/wp-json\/wp\/v2\/posts\/7083\/revisions"}],"predecessor-version":[{"id":7217,"href":"https:\/\/musiculum.de\/index.php\/wp-json\/wp\/v2\/posts\/7083\/revisions\/7217"}],"wp:attachment":[{"href":"https:\/\/musiculum.de\/index.php\/wp-json\/wp\/v2\/media?parent=7083"}],"wp:term":[{"taxonomy":"category","embeddable":true,"href":"https:\/\/musiculum.de\/index.php\/wp-json\/wp\/v2\/categories?post=7083"},{"taxonomy":"post_tag","embeddable":true,"href":"https:\/\/musiculum.de\/index.php\/wp-json\/wp\/v2\/tags?post=7083"}],"curies":[{"name":"wp","href":"https:\/\/api.w.org\/{rel}","templated":true}]}}