{"id":5962,"date":"2023-08-22T11:58:52","date_gmt":"2023-08-22T09:58:52","guid":{"rendered":"https:\/\/musiculum.de\/?p=5962"},"modified":"2024-02-27T16:09:51","modified_gmt":"2024-02-27T15:09:51","slug":"ndr-discover-music-hamburg-soundpainting-3-5-2-2-2","status":"publish","type":"post","link":"https:\/\/musiculum.de\/spotlight-beethoven","title":{"rendered":"Spotlight Beethoven &#8211; Werkeinf\u00fchrung f\u00fcr Schulklassen"},"content":{"rendered":"<div id=\"pg-5962-0\"  class=\"panel-grid\" ><div class=\"panel-grid-core\"><div id=\"pgc-5962-0-0\"  class=\"panel-grid-cell\" ><div class=\"panel-widget-style\" ><div class=\"sc-lightbox image\"><span><img decoding=\"async\" class=\"lightbox\" src=\"https:\/\/musiculum.de\/wp-content\/uploads\/2023\/08\/spotlight_beethoven_marcus_krueger_klein_02-scaled.jpg\"><\/span><div class=\"image-overlay style2\"><div class=\"image-overlay-inner\"><div class=\"hover-icons\"><a class=\"hover-zoom prettyPhoto\" href=\"https:\/\/musiculum.de\/wp-content\/uploads\/2023\/08\/spotlight_beethoven_marcus_krueger_klein_02-scaled.jpg\"><\/a><\/div><\/div><\/div><\/div><\/div><\/div><div id=\"pgc-5962-0-1\"  class=\"panel-grid-cell\" ><div class=\"panel-widget-style\" >\t\t\t<div class=\"textwidget\"><p><strong>Spotlight Beethoven<\/strong><br \/>\n<strong>Werkeinf\u00fchrung f\u00fcr Schulklassen<\/strong><\/p>\n<p><strong>Dienstag, 19.03.2024<br \/>\n<\/strong><\/p>\n<p><strong>1. Durchgang: 9.30 &#8211; 10.30 Uhr =&gt; Aktuell AUSGEBUCHT! Eintrag auf Warteliste ist m\u00f6glich.<\/strong><br \/>\n<strong>2. Durchgang: 11.00 &#8211; 12.00 Uhr<\/strong><\/p>\n<p><strong>Mittwoch, 20.03.2024<br \/>\n<\/strong><\/p>\n<p><strong>1. Durchgang: 9.30 &#8211; 10.30 Uhr =&gt; Aktuell AUSGEBUCHT! Eintrag auf Warteliste ist m\u00f6glich.<\/strong><br \/>\n<strong>2. Durchgang: 11.00 &#8211; 12.00 Uhr<\/strong><\/p>\n<p>Ludwig van Beethoven fasziniert seit Jahrhunderten weltweit und generations\u00fcbergreifend die Menschen. Bei der Werkeinf\u00fchrung \u201eSpotlight Beethoven\u201c werden 3. bis 6. Klassen aller Schulformen anhand von ausgew\u00e4hlten Musikbeispielen sowie zahlreichen Mitmach-Aktionen (u.a. die Europa-Hymne zum Mitsingen) an drei Kompositionen dieses ber\u00fchmten Genies herangef\u00fchrt.<\/p>\n<p>Die Werkeinf\u00fchrung findet in Kooperation mit dem musiculum Kiel, dem Philharmonischen Orchester Kiel und der Hamburger NDR Redaktion \u00bbDiscover Music\u00ab statt. Geleitet wird sie von Christina Dean (NDR).<\/p>\n<p><strong>Ort:<\/strong> musiculum, Stephan-Heinzel-Str. 9, 24103 Kiel<\/p>\n<p><strong>Preis:<\/strong><br \/>\nDie Teilnahme an der Werkeinf\u00fchrung im musiculum ist kostenfrei.<\/p>\n<p>Wer dadurch neugierig geworden ist und intensiver in Beethovens Musik eintauchen m\u00f6chte, kann am Sonntag, den 21.04.2024 um 18.00 Uhr die vorgestellten Kompositionen live in der Wunderino Arena Kiel h\u00f6ren, gespielt vom Philharmonischen Orchester Kiel.<\/p>\n<p>Karten daf\u00fcr m\u00fcssen eigenst\u00e4ndig erworben werden:<\/p>\n<p><a href=\"https:\/\/theater-kiel.eventim-inhouse.de\/webshop\/webticket\/eventlist\" target=\"_blank\" rel=\"noopener\">https:\/\/theater-kiel.eventim-inhouse.de\/webshop\/webticket\/eventlist<\/a><\/p>\n<hr \/>\n<p><strong>ANMELDUNG:<\/strong><\/p>\n<p>Anmeldung f\u00fcr die oben stehende Werkeinf\u00fchrung bitte ausschlie\u00dflich beim musiculum.<\/p>\n<p><strong>Kontakt:<\/strong><\/p>\n<p><strong>Tel.: 0431 \/ 666 889-0<\/strong><br \/>\n<strong>E-Mail: info@musiculum.de<\/strong><\/p>\n<p><strong>\u00a0<\/strong><\/p>\n<p>&nbsp;<\/p>\n<\/div>\n\t\t<\/div><\/div><\/div><\/div>","protected":false},"excerpt":{"rendered":"<p>Spotlight Beethoven Werkeinf\u00fchrung f\u00fcr Schulklassen Dienstag, 19.03.2024 1. Durchgang: 9.30 &#8211; 10.30 Uhr =&gt; Aktuell AUSGEBUCHT! Eintrag auf Warteliste ist m\u00f6glich. 2. Durchgang: 11.00 &#8211; 12.00 Uhr Mittwoch, 20.03.2024 1. Durchgang: 9.30 &#8211; 10.30 Uhr =&gt; Aktuell AUSGEBUCHT! Eintrag auf Warteliste ist m\u00f6glich. 2. Durchgang: 11.00 &#8211; 12.00 Uhr Ludwig van Beethoven fasziniert seit Jahrhunderten [&hellip;]<\/p>\n","protected":false},"author":2,"featured_media":0,"comment_status":"closed","ping_status":"closed","sticky":false,"template":"","format":"standard","meta":{"footnotes":""},"categories":[1],"tags":[],"class_list":["post-5962","post","type-post","status-publish","format-standard","hentry","category-allgemein"],"yoast_head":"<!-- This site is optimized with the Yoast SEO plugin v27.4 - https:\/\/yoast.com\/product\/yoast-seo-wordpress\/ -->\n<title>Spotlight Beethoven - Werkeinf\u00fchrung f\u00fcr Schulklassen - musiculum<\/title>\n<meta name=\"robots\" content=\"index, follow, max-snippet:-1, max-image-preview:large, max-video-preview:-1\" \/>\n<link rel=\"canonical\" href=\"https:\/\/musiculum.de\/spotlight-beethoven\/\" \/>\n<meta property=\"og:locale\" content=\"de_DE\" \/>\n<meta property=\"og:type\" content=\"article\" \/>\n<meta property=\"og:title\" content=\"Spotlight Beethoven - Werkeinf\u00fchrung f\u00fcr Schulklassen - musiculum\" \/>\n<meta property=\"og:description\" content=\"Spotlight Beethoven Werkeinf\u00fchrung f\u00fcr Schulklassen Dienstag, 19.03.2024 1. Durchgang: 9.30 - 10.30 Uhr =&gt; Aktuell AUSGEBUCHT! Eintrag auf Warteliste ist m\u00f6glich. 2. Durchgang: 11.00 - 12.00 Uhr Mittwoch, 20.03.2024 1. Durchgang: 9.30 - 10.30 Uhr =&gt; Aktuell AUSGEBUCHT! Eintrag auf Warteliste ist m\u00f6glich. 2. Durchgang: 11.00 - 12.00 Uhr Ludwig van Beethoven fasziniert seit Jahrhunderten [&hellip;]\" \/>\n<meta property=\"og:url\" content=\"https:\/\/musiculum.de\/spotlight-beethoven\/\" \/>\n<meta property=\"og:site_name\" content=\"musiculum\" \/>\n<meta property=\"article:published_time\" content=\"2023-08-22T09:58:52+00:00\" \/>\n<meta property=\"article:modified_time\" content=\"2024-02-27T15:09:51+00:00\" \/>\n<meta name=\"author\" content=\"brockmann\" \/>\n<meta name=\"twitter:card\" content=\"summary_large_image\" \/>\n<meta name=\"twitter:label1\" content=\"Geschrieben von\" \/>\n\t<meta name=\"twitter:data1\" content=\"brockmann\" \/>\n\t<meta name=\"twitter:label2\" content=\"Gesch\u00e4tzte Lesezeit\" \/>\n\t<meta name=\"twitter:data2\" content=\"1\u00a0Minute\" \/>\n<script type=\"application\/ld+json\" class=\"yoast-schema-graph\">{\"@context\":\"https:\\\/\\\/schema.org\",\"@graph\":[{\"@type\":\"Article\",\"@id\":\"https:\\\/\\\/musiculum.de\\\/spotlight-beethoven\\\/#article\",\"isPartOf\":{\"@id\":\"https:\\\/\\\/musiculum.de\\\/spotlight-beethoven\\\/\"},\"author\":{\"name\":\"brockmann\",\"@id\":\"https:\\\/\\\/musiculum.de\\\/#\\\/schema\\\/person\\\/611c06fbf1ea6aa984d0808d305ea4ff\"},\"headline\":\"Spotlight Beethoven &#8211; Werkeinf\u00fchrung f\u00fcr Schulklassen\",\"datePublished\":\"2023-08-22T09:58:52+00:00\",\"dateModified\":\"2024-02-27T15:09:51+00:00\",\"mainEntityOfPage\":{\"@id\":\"https:\\\/\\\/musiculum.de\\\/spotlight-beethoven\\\/\"},\"wordCount\":214,\"inLanguage\":\"de\"},{\"@type\":\"WebPage\",\"@id\":\"https:\\\/\\\/musiculum.de\\\/spotlight-beethoven\\\/\",\"url\":\"https:\\\/\\\/musiculum.de\\\/spotlight-beethoven\\\/\",\"name\":\"Spotlight Beethoven - Werkeinf\u00fchrung f\u00fcr Schulklassen - musiculum\",\"isPartOf\":{\"@id\":\"https:\\\/\\\/musiculum.de\\\/#website\"},\"datePublished\":\"2023-08-22T09:58:52+00:00\",\"dateModified\":\"2024-02-27T15:09:51+00:00\",\"author\":{\"@id\":\"https:\\\/\\\/musiculum.de\\\/#\\\/schema\\\/person\\\/611c06fbf1ea6aa984d0808d305ea4ff\"},\"breadcrumb\":{\"@id\":\"https:\\\/\\\/musiculum.de\\\/spotlight-beethoven\\\/#breadcrumb\"},\"inLanguage\":\"de\",\"potentialAction\":[{\"@type\":\"ReadAction\",\"target\":[\"https:\\\/\\\/musiculum.de\\\/spotlight-beethoven\\\/\"]}]},{\"@type\":\"BreadcrumbList\",\"@id\":\"https:\\\/\\\/musiculum.de\\\/spotlight-beethoven\\\/#breadcrumb\",\"itemListElement\":[{\"@type\":\"ListItem\",\"position\":1,\"name\":\"Startseite\",\"item\":\"https:\\\/\\\/musiculum.de\\\/\"},{\"@type\":\"ListItem\",\"position\":2,\"name\":\"Spotlight Beethoven &#8211; Werkeinf\u00fchrung f\u00fcr Schulklassen\"}]},{\"@type\":\"WebSite\",\"@id\":\"https:\\\/\\\/musiculum.de\\\/#website\",\"url\":\"https:\\\/\\\/musiculum.de\\\/\",\"name\":\"musiculum\",\"description\":\"Lern- und Experimentierwerkstatt f\u00fcr Kinder und Jugendliche\",\"potentialAction\":[{\"@type\":\"SearchAction\",\"target\":{\"@type\":\"EntryPoint\",\"urlTemplate\":\"https:\\\/\\\/musiculum.de\\\/?s={search_term_string}\"},\"query-input\":{\"@type\":\"PropertyValueSpecification\",\"valueRequired\":true,\"valueName\":\"search_term_string\"}}],\"inLanguage\":\"de\"},{\"@type\":\"Person\",\"@id\":\"https:\\\/\\\/musiculum.de\\\/#\\\/schema\\\/person\\\/611c06fbf1ea6aa984d0808d305ea4ff\",\"name\":\"brockmann\",\"url\":\"https:\\\/\\\/musiculum.de\\\/index.php\\\/author\\\/brockmann\\\/\"}]}<\/script>\n<!-- \/ Yoast SEO plugin. -->","yoast_head_json":{"title":"Spotlight Beethoven - Werkeinf\u00fchrung f\u00fcr Schulklassen - musiculum","robots":{"index":"index","follow":"follow","max-snippet":"max-snippet:-1","max-image-preview":"max-image-preview:large","max-video-preview":"max-video-preview:-1"},"canonical":"https:\/\/musiculum.de\/spotlight-beethoven\/","og_locale":"de_DE","og_type":"article","og_title":"Spotlight Beethoven - Werkeinf\u00fchrung f\u00fcr Schulklassen - musiculum","og_description":"Spotlight Beethoven Werkeinf\u00fchrung f\u00fcr Schulklassen Dienstag, 19.03.2024 1. Durchgang: 9.30 - 10.30 Uhr =&gt; Aktuell AUSGEBUCHT! Eintrag auf Warteliste ist m\u00f6glich. 2. Durchgang: 11.00 - 12.00 Uhr Mittwoch, 20.03.2024 1. Durchgang: 9.30 - 10.30 Uhr =&gt; Aktuell AUSGEBUCHT! Eintrag auf Warteliste ist m\u00f6glich. 2. Durchgang: 11.00 - 12.00 Uhr Ludwig van Beethoven fasziniert seit Jahrhunderten [&hellip;]","og_url":"https:\/\/musiculum.de\/spotlight-beethoven\/","og_site_name":"musiculum","article_published_time":"2023-08-22T09:58:52+00:00","article_modified_time":"2024-02-27T15:09:51+00:00","author":"brockmann","twitter_card":"summary_large_image","twitter_misc":{"Geschrieben von":"brockmann","Gesch\u00e4tzte Lesezeit":"1\u00a0Minute"},"schema":{"@context":"https:\/\/schema.org","@graph":[{"@type":"Article","@id":"https:\/\/musiculum.de\/spotlight-beethoven\/#article","isPartOf":{"@id":"https:\/\/musiculum.de\/spotlight-beethoven\/"},"author":{"name":"brockmann","@id":"https:\/\/musiculum.de\/#\/schema\/person\/611c06fbf1ea6aa984d0808d305ea4ff"},"headline":"Spotlight Beethoven &#8211; Werkeinf\u00fchrung f\u00fcr Schulklassen","datePublished":"2023-08-22T09:58:52+00:00","dateModified":"2024-02-27T15:09:51+00:00","mainEntityOfPage":{"@id":"https:\/\/musiculum.de\/spotlight-beethoven\/"},"wordCount":214,"inLanguage":"de"},{"@type":"WebPage","@id":"https:\/\/musiculum.de\/spotlight-beethoven\/","url":"https:\/\/musiculum.de\/spotlight-beethoven\/","name":"Spotlight Beethoven - Werkeinf\u00fchrung f\u00fcr Schulklassen - musiculum","isPartOf":{"@id":"https:\/\/musiculum.de\/#website"},"datePublished":"2023-08-22T09:58:52+00:00","dateModified":"2024-02-27T15:09:51+00:00","author":{"@id":"https:\/\/musiculum.de\/#\/schema\/person\/611c06fbf1ea6aa984d0808d305ea4ff"},"breadcrumb":{"@id":"https:\/\/musiculum.de\/spotlight-beethoven\/#breadcrumb"},"inLanguage":"de","potentialAction":[{"@type":"ReadAction","target":["https:\/\/musiculum.de\/spotlight-beethoven\/"]}]},{"@type":"BreadcrumbList","@id":"https:\/\/musiculum.de\/spotlight-beethoven\/#breadcrumb","itemListElement":[{"@type":"ListItem","position":1,"name":"Startseite","item":"https:\/\/musiculum.de\/"},{"@type":"ListItem","position":2,"name":"Spotlight Beethoven &#8211; Werkeinf\u00fchrung f\u00fcr Schulklassen"}]},{"@type":"WebSite","@id":"https:\/\/musiculum.de\/#website","url":"https:\/\/musiculum.de\/","name":"musiculum","description":"Lern- und Experimentierwerkstatt f\u00fcr Kinder und Jugendliche","potentialAction":[{"@type":"SearchAction","target":{"@type":"EntryPoint","urlTemplate":"https:\/\/musiculum.de\/?s={search_term_string}"},"query-input":{"@type":"PropertyValueSpecification","valueRequired":true,"valueName":"search_term_string"}}],"inLanguage":"de"},{"@type":"Person","@id":"https:\/\/musiculum.de\/#\/schema\/person\/611c06fbf1ea6aa984d0808d305ea4ff","name":"brockmann","url":"https:\/\/musiculum.de\/index.php\/author\/brockmann\/"}]}},"_links":{"self":[{"href":"https:\/\/musiculum.de\/index.php\/wp-json\/wp\/v2\/posts\/5962","targetHints":{"allow":["GET"]}}],"collection":[{"href":"https:\/\/musiculum.de\/index.php\/wp-json\/wp\/v2\/posts"}],"about":[{"href":"https:\/\/musiculum.de\/index.php\/wp-json\/wp\/v2\/types\/post"}],"author":[{"embeddable":true,"href":"https:\/\/musiculum.de\/index.php\/wp-json\/wp\/v2\/users\/2"}],"replies":[{"embeddable":true,"href":"https:\/\/musiculum.de\/index.php\/wp-json\/wp\/v2\/comments?post=5962"}],"version-history":[{"count":5,"href":"https:\/\/musiculum.de\/index.php\/wp-json\/wp\/v2\/posts\/5962\/revisions"}],"predecessor-version":[{"id":6261,"href":"https:\/\/musiculum.de\/index.php\/wp-json\/wp\/v2\/posts\/5962\/revisions\/6261"}],"wp:attachment":[{"href":"https:\/\/musiculum.de\/index.php\/wp-json\/wp\/v2\/media?parent=5962"}],"wp:term":[{"taxonomy":"category","embeddable":true,"href":"https:\/\/musiculum.de\/index.php\/wp-json\/wp\/v2\/categories?post=5962"},{"taxonomy":"post_tag","embeddable":true,"href":"https:\/\/musiculum.de\/index.php\/wp-json\/wp\/v2\/tags?post=5962"}],"curies":[{"name":"wp","href":"https:\/\/api.w.org\/{rel}","templated":true}]}}