{"id":2738,"date":"2020-04-08T23:37:01","date_gmt":"2020-04-08T21:37:01","guid":{"rendered":"https:\/\/musiculum.de\/?p=2738"},"modified":"2021-03-08T13:02:16","modified_gmt":"2021-03-08T12:02:16","slug":"die-saz","status":"publish","type":"post","link":"https:\/\/musiculum.de\/saz\/","title":{"rendered":"Die Saz"},"content":{"rendered":"<p>Die <strong>Saz<\/strong> ist ein <strong>Saiteninstrument<\/strong> und geh\u00f6rt zu den <strong>Zupfinstrumenten<\/strong>. Sie bezeichnet eine Gruppe von <strong>Langhals<\/strong><strong>lauten<\/strong>, die vom Balkan bis Afghanistan verbreitet sind und unter anderem in der t\u00fcrkischen, kurdischen, iranischen, armenischen, aserbaidschanischen und afghanischen Musik gespielt werden. Das Wort \u201esaz\u201c stammt aus dem Persischen, wo es allgemein \u201eMusikinstrument\u201c\u00a0 hei\u00dft.<\/p>\n<p>Wie bei einer europ\u00e4ischen <a href=\"https:\/\/musiculum.de\/laute\/\">Laute<\/a> oder <a href=\"https:\/\/musiculum.de\/gitarre\/\">Gitarre<\/a> hat der <strong>Hals<\/strong> <strong>B\u00fcnde<\/strong>, wobei wegen des gr\u00f6\u00dferen Tonvorrates der osmanischen Musik mehr B\u00fcnde als bei Gitarre und Laute vorhanden sind. Die Saz wird heute meist mit einem kleinen, l\u00e4nglich geformten <strong>Plektrum<\/strong> gespielt oder mit den Fingern <strong>gezupft<\/strong>.<\/p>\n<p>In der Regel verf\u00fcgt das Instrument \u00fcber 6 &#8211; 7 <strong>Saiten<\/strong>, die zu drei Ch\u00f6ren zusammengefasst sind. Der obere und der mittlere Chor bestehen jeweils aus zwei, der untere aus zwei oder drei Saiten. Im oberen und im unteren Chor gibt es je eine Bass-Saite, die dicker ist als die anderen. Die zwei gel\u00e4ufigsten Stimmungen des Instruments sind A &#8211; D &#8211; E und A &#8211; D &#8211; G. Letztere wird eher bei langhalsigen Instrumenten verwendet. Die Saz hat ein <strong>Schallloch<\/strong>, das aber nicht unterhalb der Saiten liegt, sondern am unteren Ende des Korpus\u2018.<\/p>\n<p>In der t\u00fcrkischen volkst\u00fcmlichen Musik oder im t\u00fcrkischen Rock und Pop werden auch elektrische Saz verwendet.<\/p>\n<h6>&#8220;Wenn ich auf diesen Bergen Schnee h\u00e4tte&#8221;<\/h6>\n<div class=\"lyte-wrapper fourthree\" style=\"width:480px;max-width:100%;margin:5px;\"><div class=\"lyMe\" id=\"WYL_dD7J9LOmO8o\"><div id=\"lyte_dD7J9LOmO8o\" data-src=\"https:\/\/musiculum.de\/wp-content\/plugins\/wp-youtube-lyte\/lyteCache.php?origThumbUrl=%2F%2Fi.ytimg.com%2Fvi%2FdD7J9LOmO8o%2Fhqdefault.jpg\" class=\"pL\"><div class=\"tC\"><div class=\"tT\"><\/div><\/div><div class=\"play\"><\/div><div class=\"ctrl\"><div class=\"Lctrl\"><\/div><div class=\"Rctrl\"><\/div><\/div><\/div><noscript><a href=\"https:\/\/youtu.be\/dD7J9LOmO8o\" rel=\"nofollow\"><img loading=\"lazy\" decoding=\"async\" src=\"https:\/\/musiculum.de\/wp-content\/plugins\/wp-youtube-lyte\/lyteCache.php?origThumbUrl=https%3A%2F%2Fi.ytimg.com%2Fvi%2FdD7J9LOmO8o%2F0.jpg\" alt=\"YouTube video thumbnail\" width=\"480\" height=\"340\" \/><br \/>Watch this video on YouTube<\/a><\/noscript><\/div><\/div><div class=\"lL\" style=\"max-width:100%;width:480px;margin:5px;\"><br\/><span class=\"lyte_disclaimer\">Durch das Abspielen werden auf externe Inhalte zugegriffen. Mehr auf unserer <a href=\"https:\/\/musiculum.de\/index.php\/datenschutz\">Datenschutzerkl\u00e4rung<\/a><\/span><\/div><\/p>\n","protected":false},"excerpt":{"rendered":"<p>Die Saz ist ein Saiteninstrument und geh\u00f6rt zu den Zupfinstrumenten. Sie bezeichnet eine Gruppe von Langhalslauten, die vom Balkan bis Afghanistan verbreitet sind und unter anderem in der t\u00fcrkischen, kurdischen, iranischen, armenischen, aserbaidschanischen und afghanischen Musik gespielt werden. Das Wort \u201esaz\u201c stammt aus dem Persischen, wo es allgemein \u201eMusikinstrument\u201c\u00a0 hei\u00dft. Wie bei einer europ\u00e4ischen Laute [&hellip;]<\/p>\n","protected":false},"author":1,"featured_media":2760,"comment_status":"closed","ping_status":"closed","sticky":false,"template":"","format":"standard","meta":{"footnotes":""},"categories":[11,13],"tags":[],"class_list":["post-2738","post","type-post","status-publish","format-standard","has-post-thumbnail","hentry","category-saiteninstrumente","category-zupfinstrumente"],"yoast_head":"<!-- This site is optimized with the Yoast SEO plugin v27.4 - https:\/\/yoast.com\/product\/yoast-seo-wordpress\/ -->\n<title>Die Saz - musiculum<\/title>\n<meta name=\"robots\" content=\"index, follow, max-snippet:-1, max-image-preview:large, max-video-preview:-1\" \/>\n<link rel=\"canonical\" href=\"https:\/\/musiculum.de\/saz\/\" \/>\n<meta property=\"og:locale\" content=\"de_DE\" \/>\n<meta property=\"og:type\" content=\"article\" \/>\n<meta property=\"og:title\" content=\"Die Saz - musiculum\" \/>\n<meta property=\"og:description\" content=\"Die Saz ist ein Saiteninstrument und geh\u00f6rt zu den Zupfinstrumenten. Sie bezeichnet eine Gruppe von Langhalslauten, die vom Balkan bis Afghanistan verbreitet sind und unter anderem in der t\u00fcrkischen, kurdischen, iranischen, armenischen, aserbaidschanischen und afghanischen Musik gespielt werden. Das Wort \u201esaz\u201c stammt aus dem Persischen, wo es allgemein \u201eMusikinstrument\u201c\u00a0 hei\u00dft. Wie bei einer europ\u00e4ischen Laute [&hellip;]\" \/>\n<meta property=\"og:url\" content=\"https:\/\/musiculum.de\/saz\/\" \/>\n<meta property=\"og:site_name\" content=\"musiculum\" \/>\n<meta property=\"article:published_time\" content=\"2020-04-08T21:37:01+00:00\" \/>\n<meta property=\"article:modified_time\" content=\"2021-03-08T12:02:16+00:00\" \/>\n<meta property=\"og:image\" content=\"https:\/\/musiculum.de\/wp-content\/uploads\/2020\/04\/saz.jpg\" \/>\n\t<meta property=\"og:image:width\" content=\"550\" \/>\n\t<meta property=\"og:image:height\" content=\"550\" \/>\n\t<meta property=\"og:image:type\" content=\"image\/jpeg\" \/>\n<meta name=\"author\" content=\"musiculum-admin\" \/>\n<meta name=\"twitter:card\" content=\"summary_large_image\" \/>\n<meta name=\"twitter:label1\" content=\"Geschrieben von\" \/>\n\t<meta name=\"twitter:data1\" content=\"musiculum-admin\" \/>\n\t<meta name=\"twitter:label2\" content=\"Gesch\u00e4tzte Lesezeit\" \/>\n\t<meta name=\"twitter:data2\" content=\"1\u00a0Minute\" \/>\n<script type=\"application\/ld+json\" class=\"yoast-schema-graph\">{\"@context\":\"https:\\\/\\\/schema.org\",\"@graph\":[{\"@type\":\"Article\",\"@id\":\"https:\\\/\\\/musiculum.de\\\/saz\\\/#article\",\"isPartOf\":{\"@id\":\"https:\\\/\\\/musiculum.de\\\/saz\\\/\"},\"author\":{\"name\":\"musiculum-admin\",\"@id\":\"https:\\\/\\\/musiculum.de\\\/#\\\/schema\\\/person\\\/24d5a0ef907032579527c149323a8546\"},\"headline\":\"Die Saz\",\"datePublished\":\"2020-04-08T21:37:01+00:00\",\"dateModified\":\"2021-03-08T12:02:16+00:00\",\"mainEntityOfPage\":{\"@id\":\"https:\\\/\\\/musiculum.de\\\/saz\\\/\"},\"wordCount\":240,\"image\":{\"@id\":\"https:\\\/\\\/musiculum.de\\\/saz\\\/#primaryimage\"},\"thumbnailUrl\":\"https:\\\/\\\/musiculum.de\\\/wp-content\\\/uploads\\\/2020\\\/04\\\/saz.jpg\",\"articleSection\":[\"Saiteninstrumente\",\"Zupfinstrumente\"],\"inLanguage\":\"de\"},{\"@type\":\"WebPage\",\"@id\":\"https:\\\/\\\/musiculum.de\\\/saz\\\/\",\"url\":\"https:\\\/\\\/musiculum.de\\\/saz\\\/\",\"name\":\"Die Saz - musiculum\",\"isPartOf\":{\"@id\":\"https:\\\/\\\/musiculum.de\\\/#website\"},\"primaryImageOfPage\":{\"@id\":\"https:\\\/\\\/musiculum.de\\\/saz\\\/#primaryimage\"},\"image\":{\"@id\":\"https:\\\/\\\/musiculum.de\\\/saz\\\/#primaryimage\"},\"thumbnailUrl\":\"https:\\\/\\\/musiculum.de\\\/wp-content\\\/uploads\\\/2020\\\/04\\\/saz.jpg\",\"datePublished\":\"2020-04-08T21:37:01+00:00\",\"dateModified\":\"2021-03-08T12:02:16+00:00\",\"author\":{\"@id\":\"https:\\\/\\\/musiculum.de\\\/#\\\/schema\\\/person\\\/24d5a0ef907032579527c149323a8546\"},\"breadcrumb\":{\"@id\":\"https:\\\/\\\/musiculum.de\\\/saz\\\/#breadcrumb\"},\"inLanguage\":\"de\",\"potentialAction\":[{\"@type\":\"ReadAction\",\"target\":[\"https:\\\/\\\/musiculum.de\\\/saz\\\/\"]}]},{\"@type\":\"ImageObject\",\"inLanguage\":\"de\",\"@id\":\"https:\\\/\\\/musiculum.de\\\/saz\\\/#primaryimage\",\"url\":\"https:\\\/\\\/musiculum.de\\\/wp-content\\\/uploads\\\/2020\\\/04\\\/saz.jpg\",\"contentUrl\":\"https:\\\/\\\/musiculum.de\\\/wp-content\\\/uploads\\\/2020\\\/04\\\/saz.jpg\",\"width\":550,\"height\":550,\"caption\":\"Saz\"},{\"@type\":\"BreadcrumbList\",\"@id\":\"https:\\\/\\\/musiculum.de\\\/saz\\\/#breadcrumb\",\"itemListElement\":[{\"@type\":\"ListItem\",\"position\":1,\"name\":\"Startseite\",\"item\":\"https:\\\/\\\/musiculum.de\\\/\"},{\"@type\":\"ListItem\",\"position\":2,\"name\":\"Die Saz\"}]},{\"@type\":\"WebSite\",\"@id\":\"https:\\\/\\\/musiculum.de\\\/#website\",\"url\":\"https:\\\/\\\/musiculum.de\\\/\",\"name\":\"musiculum\",\"description\":\"Lern- und Experimentierwerkstatt f\u00fcr Kinder und Jugendliche\",\"potentialAction\":[{\"@type\":\"SearchAction\",\"target\":{\"@type\":\"EntryPoint\",\"urlTemplate\":\"https:\\\/\\\/musiculum.de\\\/?s={search_term_string}\"},\"query-input\":{\"@type\":\"PropertyValueSpecification\",\"valueRequired\":true,\"valueName\":\"search_term_string\"}}],\"inLanguage\":\"de\"},{\"@type\":\"Person\",\"@id\":\"https:\\\/\\\/musiculum.de\\\/#\\\/schema\\\/person\\\/24d5a0ef907032579527c149323a8546\",\"name\":\"musiculum-admin\",\"url\":\"https:\\\/\\\/musiculum.de\\\/index.php\\\/author\\\/musiculum-admin\\\/\"}]}<\/script>\n<!-- \/ Yoast SEO plugin. -->","yoast_head_json":{"title":"Die Saz - musiculum","robots":{"index":"index","follow":"follow","max-snippet":"max-snippet:-1","max-image-preview":"max-image-preview:large","max-video-preview":"max-video-preview:-1"},"canonical":"https:\/\/musiculum.de\/saz\/","og_locale":"de_DE","og_type":"article","og_title":"Die Saz - musiculum","og_description":"Die Saz ist ein Saiteninstrument und geh\u00f6rt zu den Zupfinstrumenten. Sie bezeichnet eine Gruppe von Langhalslauten, die vom Balkan bis Afghanistan verbreitet sind und unter anderem in der t\u00fcrkischen, kurdischen, iranischen, armenischen, aserbaidschanischen und afghanischen Musik gespielt werden. Das Wort \u201esaz\u201c stammt aus dem Persischen, wo es allgemein \u201eMusikinstrument\u201c\u00a0 hei\u00dft. Wie bei einer europ\u00e4ischen Laute [&hellip;]","og_url":"https:\/\/musiculum.de\/saz\/","og_site_name":"musiculum","article_published_time":"2020-04-08T21:37:01+00:00","article_modified_time":"2021-03-08T12:02:16+00:00","og_image":[{"width":550,"height":550,"url":"https:\/\/musiculum.de\/wp-content\/uploads\/2020\/04\/saz.jpg","type":"image\/jpeg"}],"author":"musiculum-admin","twitter_card":"summary_large_image","twitter_misc":{"Geschrieben von":"musiculum-admin","Gesch\u00e4tzte Lesezeit":"1\u00a0Minute"},"schema":{"@context":"https:\/\/schema.org","@graph":[{"@type":"Article","@id":"https:\/\/musiculum.de\/saz\/#article","isPartOf":{"@id":"https:\/\/musiculum.de\/saz\/"},"author":{"name":"musiculum-admin","@id":"https:\/\/musiculum.de\/#\/schema\/person\/24d5a0ef907032579527c149323a8546"},"headline":"Die Saz","datePublished":"2020-04-08T21:37:01+00:00","dateModified":"2021-03-08T12:02:16+00:00","mainEntityOfPage":{"@id":"https:\/\/musiculum.de\/saz\/"},"wordCount":240,"image":{"@id":"https:\/\/musiculum.de\/saz\/#primaryimage"},"thumbnailUrl":"https:\/\/musiculum.de\/wp-content\/uploads\/2020\/04\/saz.jpg","articleSection":["Saiteninstrumente","Zupfinstrumente"],"inLanguage":"de"},{"@type":"WebPage","@id":"https:\/\/musiculum.de\/saz\/","url":"https:\/\/musiculum.de\/saz\/","name":"Die Saz - musiculum","isPartOf":{"@id":"https:\/\/musiculum.de\/#website"},"primaryImageOfPage":{"@id":"https:\/\/musiculum.de\/saz\/#primaryimage"},"image":{"@id":"https:\/\/musiculum.de\/saz\/#primaryimage"},"thumbnailUrl":"https:\/\/musiculum.de\/wp-content\/uploads\/2020\/04\/saz.jpg","datePublished":"2020-04-08T21:37:01+00:00","dateModified":"2021-03-08T12:02:16+00:00","author":{"@id":"https:\/\/musiculum.de\/#\/schema\/person\/24d5a0ef907032579527c149323a8546"},"breadcrumb":{"@id":"https:\/\/musiculum.de\/saz\/#breadcrumb"},"inLanguage":"de","potentialAction":[{"@type":"ReadAction","target":["https:\/\/musiculum.de\/saz\/"]}]},{"@type":"ImageObject","inLanguage":"de","@id":"https:\/\/musiculum.de\/saz\/#primaryimage","url":"https:\/\/musiculum.de\/wp-content\/uploads\/2020\/04\/saz.jpg","contentUrl":"https:\/\/musiculum.de\/wp-content\/uploads\/2020\/04\/saz.jpg","width":550,"height":550,"caption":"Saz"},{"@type":"BreadcrumbList","@id":"https:\/\/musiculum.de\/saz\/#breadcrumb","itemListElement":[{"@type":"ListItem","position":1,"name":"Startseite","item":"https:\/\/musiculum.de\/"},{"@type":"ListItem","position":2,"name":"Die Saz"}]},{"@type":"WebSite","@id":"https:\/\/musiculum.de\/#website","url":"https:\/\/musiculum.de\/","name":"musiculum","description":"Lern- und Experimentierwerkstatt f\u00fcr Kinder und Jugendliche","potentialAction":[{"@type":"SearchAction","target":{"@type":"EntryPoint","urlTemplate":"https:\/\/musiculum.de\/?s={search_term_string}"},"query-input":{"@type":"PropertyValueSpecification","valueRequired":true,"valueName":"search_term_string"}}],"inLanguage":"de"},{"@type":"Person","@id":"https:\/\/musiculum.de\/#\/schema\/person\/24d5a0ef907032579527c149323a8546","name":"musiculum-admin","url":"https:\/\/musiculum.de\/index.php\/author\/musiculum-admin\/"}]}},"_links":{"self":[{"href":"https:\/\/musiculum.de\/index.php\/wp-json\/wp\/v2\/posts\/2738","targetHints":{"allow":["GET"]}}],"collection":[{"href":"https:\/\/musiculum.de\/index.php\/wp-json\/wp\/v2\/posts"}],"about":[{"href":"https:\/\/musiculum.de\/index.php\/wp-json\/wp\/v2\/types\/post"}],"author":[{"embeddable":true,"href":"https:\/\/musiculum.de\/index.php\/wp-json\/wp\/v2\/users\/1"}],"replies":[{"embeddable":true,"href":"https:\/\/musiculum.de\/index.php\/wp-json\/wp\/v2\/comments?post=2738"}],"version-history":[{"count":5,"href":"https:\/\/musiculum.de\/index.php\/wp-json\/wp\/v2\/posts\/2738\/revisions"}],"predecessor-version":[{"id":3380,"href":"https:\/\/musiculum.de\/index.php\/wp-json\/wp\/v2\/posts\/2738\/revisions\/3380"}],"wp:featuredmedia":[{"embeddable":true,"href":"https:\/\/musiculum.de\/index.php\/wp-json\/wp\/v2\/media\/2760"}],"wp:attachment":[{"href":"https:\/\/musiculum.de\/index.php\/wp-json\/wp\/v2\/media?parent=2738"}],"wp:term":[{"taxonomy":"category","embeddable":true,"href":"https:\/\/musiculum.de\/index.php\/wp-json\/wp\/v2\/categories?post=2738"},{"taxonomy":"post_tag","embeddable":true,"href":"https:\/\/musiculum.de\/index.php\/wp-json\/wp\/v2\/tags?post=2738"}],"curies":[{"name":"wp","href":"https:\/\/api.w.org\/{rel}","templated":true}]}}