{"id":2725,"date":"2020-07-29T20:28:52","date_gmt":"2020-07-29T18:28:52","guid":{"rendered":"https:\/\/musiculum.de\/?p=2725"},"modified":"2021-03-08T11:40:00","modified_gmt":"2021-03-08T10:40:00","slug":"die-keltische-harfe","status":"publish","type":"post","link":"https:\/\/musiculum.de\/keltische-harfe\/","title":{"rendered":"Die Keltische Harfe"},"content":{"rendered":"<p>Die <strong>Keltische Harfe<\/strong> ist ein <strong>Saiteninstrument<\/strong> und geh\u00f6rt zu den <strong>Zupfinstrumenten<\/strong>.<\/p>\n<p>Als keltische Harfe, auch g\u00e4lische oder irische Harfe, werden traditionelle Harfen aus Irland, der Bretagne, Wales und Schottland bezeichnet, die vor allem durch die <strong>typische gebogene Form der S\u00e4ule<\/strong> auffallen. Die Geschichte der Keltischen Harfe beginnt um 1880. Zu der Zeit kam es in Gro\u00dfbritannien zu einer R\u00fcckbesinnung auf die Volksmusik. Bauweise und Klang sind der fr\u00fchen <a href=\"https:\/\/musiculum.de\/konzertharfe\/\">Konzertharfe<\/a> Erards (um 1810) \u00e4hnlich.<\/p>\n<p>In der aufkommenden &#8220;folk music&#8221;-Bewegung erfreute sich die kleine, leichte Harfe schnell gro\u00dfer Beliebtheit. Um 1970 etablierte sich ihre heute \u00fcbliche Benennung als \u201eKeltische Harfe\u201c.<\/p>\n<p>Moderne keltische Harfen sind zwischen 0,7 und 1,6 m hoch und haben bis zu 34 wie eine Tonleiter gestimmte <strong>Saiten<\/strong>. Man kann aufgrund dieser (diatonischen) Stimmung nur in einer Tonart spielen. Es gibt jedoch auch keltische Hakenharfen, mit denen man in unterschiedlichen Tonarten spielen kann, weil sie einen Hakenmechanismus \u00e4hnlich einer Konzertharfe besitzen.<\/p>\n<p>Die \u00e4ltesten bekannten europ\u00e4ischen Harfen stammen aus dem 15. Jahrhundert aus Irland und Schottland. \u00a0Die Harfe generell tritt zum ersten Mal im alten \u00c4gypten in Form der Bogenharfe (2850 &#8211; 2160 v.Chr.) auf.<\/p>\n<p>Die Keltische Harfe gilt in Schottland und Irland als <strong>Nationalinstrument<\/strong>. Als Symbol Irlands befindet sie sich auf den irischen Eurom\u00fcnzen und im Wappen der Republik Irland.<\/p>\n<p>Sie wird f\u00fcr volkst\u00fcmliche Musik, Folk und moderne Literatur eingesetzt.<\/p>\n<h6>Esther Gro\u00df spielt keltische Harfe (Mitschnitt aus dem Konzert Harfonia)<\/h6>\n<div class=\"lyte-wrapper fourthree\" style=\"width:480px;max-width:100%;margin:5px;\"><div class=\"lyMe\" id=\"WYL_0T9UY_XDWJU\"><div id=\"lyte_0T9UY_XDWJU\" data-src=\"https:\/\/musiculum.de\/wp-content\/plugins\/wp-youtube-lyte\/lyteCache.php?origThumbUrl=%2F%2Fi.ytimg.com%2Fvi%2F0T9UY_XDWJU%2Fhqdefault.jpg\" class=\"pL\"><div class=\"tC\"><div class=\"tT\"><\/div><\/div><div class=\"play\"><\/div><div class=\"ctrl\"><div class=\"Lctrl\"><\/div><div class=\"Rctrl\"><\/div><\/div><\/div><noscript><a href=\"https:\/\/youtu.be\/0T9UY_XDWJU\" rel=\"nofollow\"><img loading=\"lazy\" decoding=\"async\" src=\"https:\/\/musiculum.de\/wp-content\/plugins\/wp-youtube-lyte\/lyteCache.php?origThumbUrl=https%3A%2F%2Fi.ytimg.com%2Fvi%2F0T9UY_XDWJU%2F0.jpg\" alt=\"YouTube video thumbnail\" width=\"480\" height=\"340\" \/><br \/>Watch this video on YouTube<\/a><\/noscript><\/div><\/div><div class=\"lL\" style=\"max-width:100%;width:480px;margin:5px;\"><br\/><span class=\"lyte_disclaimer\">Durch das Abspielen werden auf externe Inhalte zugegriffen. Mehr auf unserer <a href=\"https:\/\/musiculum.de\/index.php\/datenschutz\">Datenschutzerkl\u00e4rung<\/a><\/span><\/div><\/p>\n","protected":false},"excerpt":{"rendered":"<p>Die Keltische Harfe ist ein Saiteninstrument und geh\u00f6rt zu den Zupfinstrumenten. Als keltische Harfe, auch g\u00e4lische oder irische Harfe, werden traditionelle Harfen aus Irland, der Bretagne, Wales und Schottland bezeichnet, die vor allem durch die typische gebogene Form der S\u00e4ule auffallen. Die Geschichte der Keltischen Harfe beginnt um 1880. Zu der Zeit kam es in [&hellip;]<\/p>\n","protected":false},"author":1,"featured_media":2703,"comment_status":"closed","ping_status":"closed","sticky":false,"template":"","format":"standard","meta":{"footnotes":""},"categories":[11,13],"tags":[],"class_list":["post-2725","post","type-post","status-publish","format-standard","has-post-thumbnail","hentry","category-saiteninstrumente","category-zupfinstrumente"],"yoast_head":"<!-- This site is optimized with the Yoast SEO plugin v27.4 - https:\/\/yoast.com\/product\/yoast-seo-wordpress\/ -->\n<title>Die Keltische Harfe - musiculum<\/title>\n<meta name=\"robots\" content=\"index, follow, max-snippet:-1, max-image-preview:large, max-video-preview:-1\" \/>\n<link rel=\"canonical\" href=\"https:\/\/musiculum.de\/keltische-harfe\/\" \/>\n<meta property=\"og:locale\" content=\"de_DE\" \/>\n<meta property=\"og:type\" content=\"article\" \/>\n<meta property=\"og:title\" content=\"Die Keltische Harfe - musiculum\" \/>\n<meta property=\"og:description\" content=\"Die Keltische Harfe ist ein Saiteninstrument und geh\u00f6rt zu den Zupfinstrumenten. Als keltische Harfe, auch g\u00e4lische oder irische Harfe, werden traditionelle Harfen aus Irland, der Bretagne, Wales und Schottland bezeichnet, die vor allem durch die typische gebogene Form der S\u00e4ule auffallen. Die Geschichte der Keltischen Harfe beginnt um 1880. Zu der Zeit kam es in [&hellip;]\" \/>\n<meta property=\"og:url\" content=\"https:\/\/musiculum.de\/keltische-harfe\/\" \/>\n<meta property=\"og:site_name\" content=\"musiculum\" \/>\n<meta property=\"article:published_time\" content=\"2020-07-29T18:28:52+00:00\" \/>\n<meta property=\"article:modified_time\" content=\"2021-03-08T10:40:00+00:00\" \/>\n<meta property=\"og:image\" content=\"https:\/\/musiculum.de\/wp-content\/uploads\/2021\/02\/keltische_Harfe.jpg\" \/>\n\t<meta property=\"og:image:width\" content=\"550\" \/>\n\t<meta property=\"og:image:height\" content=\"549\" \/>\n\t<meta property=\"og:image:type\" content=\"image\/jpeg\" \/>\n<meta name=\"author\" content=\"musiculum-admin\" \/>\n<meta name=\"twitter:card\" content=\"summary_large_image\" \/>\n<meta name=\"twitter:label1\" content=\"Geschrieben von\" \/>\n\t<meta name=\"twitter:data1\" content=\"musiculum-admin\" \/>\n\t<meta name=\"twitter:label2\" content=\"Gesch\u00e4tzte Lesezeit\" \/>\n\t<meta name=\"twitter:data2\" content=\"2\u00a0Minuten\" \/>\n<script type=\"application\/ld+json\" class=\"yoast-schema-graph\">{\"@context\":\"https:\\\/\\\/schema.org\",\"@graph\":[{\"@type\":\"Article\",\"@id\":\"https:\\\/\\\/musiculum.de\\\/keltische-harfe\\\/#article\",\"isPartOf\":{\"@id\":\"https:\\\/\\\/musiculum.de\\\/keltische-harfe\\\/\"},\"author\":{\"name\":\"musiculum-admin\",\"@id\":\"https:\\\/\\\/musiculum.de\\\/#\\\/schema\\\/person\\\/24d5a0ef907032579527c149323a8546\"},\"headline\":\"Die Keltische Harfe\",\"datePublished\":\"2020-07-29T18:28:52+00:00\",\"dateModified\":\"2021-03-08T10:40:00+00:00\",\"mainEntityOfPage\":{\"@id\":\"https:\\\/\\\/musiculum.de\\\/keltische-harfe\\\/\"},\"wordCount\":248,\"image\":{\"@id\":\"https:\\\/\\\/musiculum.de\\\/keltische-harfe\\\/#primaryimage\"},\"thumbnailUrl\":\"https:\\\/\\\/musiculum.de\\\/wp-content\\\/uploads\\\/2021\\\/02\\\/keltische_Harfe.jpg\",\"articleSection\":[\"Saiteninstrumente\",\"Zupfinstrumente\"],\"inLanguage\":\"de\"},{\"@type\":\"WebPage\",\"@id\":\"https:\\\/\\\/musiculum.de\\\/keltische-harfe\\\/\",\"url\":\"https:\\\/\\\/musiculum.de\\\/keltische-harfe\\\/\",\"name\":\"Die Keltische Harfe - musiculum\",\"isPartOf\":{\"@id\":\"https:\\\/\\\/musiculum.de\\\/#website\"},\"primaryImageOfPage\":{\"@id\":\"https:\\\/\\\/musiculum.de\\\/keltische-harfe\\\/#primaryimage\"},\"image\":{\"@id\":\"https:\\\/\\\/musiculum.de\\\/keltische-harfe\\\/#primaryimage\"},\"thumbnailUrl\":\"https:\\\/\\\/musiculum.de\\\/wp-content\\\/uploads\\\/2021\\\/02\\\/keltische_Harfe.jpg\",\"datePublished\":\"2020-07-29T18:28:52+00:00\",\"dateModified\":\"2021-03-08T10:40:00+00:00\",\"author\":{\"@id\":\"https:\\\/\\\/musiculum.de\\\/#\\\/schema\\\/person\\\/24d5a0ef907032579527c149323a8546\"},\"breadcrumb\":{\"@id\":\"https:\\\/\\\/musiculum.de\\\/keltische-harfe\\\/#breadcrumb\"},\"inLanguage\":\"de\",\"potentialAction\":[{\"@type\":\"ReadAction\",\"target\":[\"https:\\\/\\\/musiculum.de\\\/keltische-harfe\\\/\"]}]},{\"@type\":\"ImageObject\",\"inLanguage\":\"de\",\"@id\":\"https:\\\/\\\/musiculum.de\\\/keltische-harfe\\\/#primaryimage\",\"url\":\"https:\\\/\\\/musiculum.de\\\/wp-content\\\/uploads\\\/2021\\\/02\\\/keltische_Harfe.jpg\",\"contentUrl\":\"https:\\\/\\\/musiculum.de\\\/wp-content\\\/uploads\\\/2021\\\/02\\\/keltische_Harfe.jpg\",\"width\":550,\"height\":549,\"caption\":\"Keltische Harfe\"},{\"@type\":\"BreadcrumbList\",\"@id\":\"https:\\\/\\\/musiculum.de\\\/keltische-harfe\\\/#breadcrumb\",\"itemListElement\":[{\"@type\":\"ListItem\",\"position\":1,\"name\":\"Startseite\",\"item\":\"https:\\\/\\\/musiculum.de\\\/\"},{\"@type\":\"ListItem\",\"position\":2,\"name\":\"Die Keltische Harfe\"}]},{\"@type\":\"WebSite\",\"@id\":\"https:\\\/\\\/musiculum.de\\\/#website\",\"url\":\"https:\\\/\\\/musiculum.de\\\/\",\"name\":\"musiculum\",\"description\":\"Lern- und Experimentierwerkstatt f\u00fcr Kinder und Jugendliche\",\"potentialAction\":[{\"@type\":\"SearchAction\",\"target\":{\"@type\":\"EntryPoint\",\"urlTemplate\":\"https:\\\/\\\/musiculum.de\\\/?s={search_term_string}\"},\"query-input\":{\"@type\":\"PropertyValueSpecification\",\"valueRequired\":true,\"valueName\":\"search_term_string\"}}],\"inLanguage\":\"de\"},{\"@type\":\"Person\",\"@id\":\"https:\\\/\\\/musiculum.de\\\/#\\\/schema\\\/person\\\/24d5a0ef907032579527c149323a8546\",\"name\":\"musiculum-admin\",\"url\":\"https:\\\/\\\/musiculum.de\\\/index.php\\\/author\\\/musiculum-admin\\\/\"}]}<\/script>\n<!-- \/ Yoast SEO plugin. -->","yoast_head_json":{"title":"Die Keltische Harfe - musiculum","robots":{"index":"index","follow":"follow","max-snippet":"max-snippet:-1","max-image-preview":"max-image-preview:large","max-video-preview":"max-video-preview:-1"},"canonical":"https:\/\/musiculum.de\/keltische-harfe\/","og_locale":"de_DE","og_type":"article","og_title":"Die Keltische Harfe - musiculum","og_description":"Die Keltische Harfe ist ein Saiteninstrument und geh\u00f6rt zu den Zupfinstrumenten. Als keltische Harfe, auch g\u00e4lische oder irische Harfe, werden traditionelle Harfen aus Irland, der Bretagne, Wales und Schottland bezeichnet, die vor allem durch die typische gebogene Form der S\u00e4ule auffallen. Die Geschichte der Keltischen Harfe beginnt um 1880. Zu der Zeit kam es in [&hellip;]","og_url":"https:\/\/musiculum.de\/keltische-harfe\/","og_site_name":"musiculum","article_published_time":"2020-07-29T18:28:52+00:00","article_modified_time":"2021-03-08T10:40:00+00:00","og_image":[{"width":550,"height":549,"url":"https:\/\/musiculum.de\/wp-content\/uploads\/2021\/02\/keltische_Harfe.jpg","type":"image\/jpeg"}],"author":"musiculum-admin","twitter_card":"summary_large_image","twitter_misc":{"Geschrieben von":"musiculum-admin","Gesch\u00e4tzte Lesezeit":"2\u00a0Minuten"},"schema":{"@context":"https:\/\/schema.org","@graph":[{"@type":"Article","@id":"https:\/\/musiculum.de\/keltische-harfe\/#article","isPartOf":{"@id":"https:\/\/musiculum.de\/keltische-harfe\/"},"author":{"name":"musiculum-admin","@id":"https:\/\/musiculum.de\/#\/schema\/person\/24d5a0ef907032579527c149323a8546"},"headline":"Die Keltische Harfe","datePublished":"2020-07-29T18:28:52+00:00","dateModified":"2021-03-08T10:40:00+00:00","mainEntityOfPage":{"@id":"https:\/\/musiculum.de\/keltische-harfe\/"},"wordCount":248,"image":{"@id":"https:\/\/musiculum.de\/keltische-harfe\/#primaryimage"},"thumbnailUrl":"https:\/\/musiculum.de\/wp-content\/uploads\/2021\/02\/keltische_Harfe.jpg","articleSection":["Saiteninstrumente","Zupfinstrumente"],"inLanguage":"de"},{"@type":"WebPage","@id":"https:\/\/musiculum.de\/keltische-harfe\/","url":"https:\/\/musiculum.de\/keltische-harfe\/","name":"Die Keltische Harfe - musiculum","isPartOf":{"@id":"https:\/\/musiculum.de\/#website"},"primaryImageOfPage":{"@id":"https:\/\/musiculum.de\/keltische-harfe\/#primaryimage"},"image":{"@id":"https:\/\/musiculum.de\/keltische-harfe\/#primaryimage"},"thumbnailUrl":"https:\/\/musiculum.de\/wp-content\/uploads\/2021\/02\/keltische_Harfe.jpg","datePublished":"2020-07-29T18:28:52+00:00","dateModified":"2021-03-08T10:40:00+00:00","author":{"@id":"https:\/\/musiculum.de\/#\/schema\/person\/24d5a0ef907032579527c149323a8546"},"breadcrumb":{"@id":"https:\/\/musiculum.de\/keltische-harfe\/#breadcrumb"},"inLanguage":"de","potentialAction":[{"@type":"ReadAction","target":["https:\/\/musiculum.de\/keltische-harfe\/"]}]},{"@type":"ImageObject","inLanguage":"de","@id":"https:\/\/musiculum.de\/keltische-harfe\/#primaryimage","url":"https:\/\/musiculum.de\/wp-content\/uploads\/2021\/02\/keltische_Harfe.jpg","contentUrl":"https:\/\/musiculum.de\/wp-content\/uploads\/2021\/02\/keltische_Harfe.jpg","width":550,"height":549,"caption":"Keltische Harfe"},{"@type":"BreadcrumbList","@id":"https:\/\/musiculum.de\/keltische-harfe\/#breadcrumb","itemListElement":[{"@type":"ListItem","position":1,"name":"Startseite","item":"https:\/\/musiculum.de\/"},{"@type":"ListItem","position":2,"name":"Die Keltische Harfe"}]},{"@type":"WebSite","@id":"https:\/\/musiculum.de\/#website","url":"https:\/\/musiculum.de\/","name":"musiculum","description":"Lern- und Experimentierwerkstatt f\u00fcr Kinder und Jugendliche","potentialAction":[{"@type":"SearchAction","target":{"@type":"EntryPoint","urlTemplate":"https:\/\/musiculum.de\/?s={search_term_string}"},"query-input":{"@type":"PropertyValueSpecification","valueRequired":true,"valueName":"search_term_string"}}],"inLanguage":"de"},{"@type":"Person","@id":"https:\/\/musiculum.de\/#\/schema\/person\/24d5a0ef907032579527c149323a8546","name":"musiculum-admin","url":"https:\/\/musiculum.de\/index.php\/author\/musiculum-admin\/"}]}},"_links":{"self":[{"href":"https:\/\/musiculum.de\/index.php\/wp-json\/wp\/v2\/posts\/2725","targetHints":{"allow":["GET"]}}],"collection":[{"href":"https:\/\/musiculum.de\/index.php\/wp-json\/wp\/v2\/posts"}],"about":[{"href":"https:\/\/musiculum.de\/index.php\/wp-json\/wp\/v2\/types\/post"}],"author":[{"embeddable":true,"href":"https:\/\/musiculum.de\/index.php\/wp-json\/wp\/v2\/users\/1"}],"replies":[{"embeddable":true,"href":"https:\/\/musiculum.de\/index.php\/wp-json\/wp\/v2\/comments?post=2725"}],"version-history":[{"count":4,"href":"https:\/\/musiculum.de\/index.php\/wp-json\/wp\/v2\/posts\/2725\/revisions"}],"predecessor-version":[{"id":3340,"href":"https:\/\/musiculum.de\/index.php\/wp-json\/wp\/v2\/posts\/2725\/revisions\/3340"}],"wp:featuredmedia":[{"embeddable":true,"href":"https:\/\/musiculum.de\/index.php\/wp-json\/wp\/v2\/media\/2703"}],"wp:attachment":[{"href":"https:\/\/musiculum.de\/index.php\/wp-json\/wp\/v2\/media?parent=2725"}],"wp:term":[{"taxonomy":"category","embeddable":true,"href":"https:\/\/musiculum.de\/index.php\/wp-json\/wp\/v2\/categories?post=2725"},{"taxonomy":"post_tag","embeddable":true,"href":"https:\/\/musiculum.de\/index.php\/wp-json\/wp\/v2\/tags?post=2725"}],"curies":[{"name":"wp","href":"https:\/\/api.w.org\/{rel}","templated":true}]}}