{"id":2567,"date":"2020-07-29T11:35:31","date_gmt":"2020-07-29T09:35:31","guid":{"rendered":"https:\/\/musiculum.de\/?p=2567"},"modified":"2021-03-08T11:52:31","modified_gmt":"2021-03-08T10:52:31","slug":"der-kontrabass","status":"publish","type":"post","link":"https:\/\/musiculum.de\/kontrabass\/","title":{"rendered":"Der Kontrabass"},"content":{"rendered":"<p>Der <strong>Kontrabass<\/strong> ist das gr\u00f6\u00dfte und tiefste gebr\u00e4uchliche <strong>Streichinstrument<\/strong>. Der Name Kontrabass leitet sich von der Kontra-Oktave ab, deren T\u00f6ne auf ihm gespielt werden k\u00f6nnen.<\/p>\n<p>Er geh\u00f6rt wegen seiner abfallenden Schultern und der Saitenstimmung in Quarten (Vierton-Abstand) in die Familie der <a href=\"https:\/\/musiculum.de\/gambe\/\">Gamben<\/a>. Seine Entwicklung begann im 16. Jahrhundert in Italien.<\/p>\n<p>Er ist ungef\u00e4hr 1,8 m hoch, hat in der Regel vier <strong>Saiten<\/strong> und die T\u00f6ne werden im Bass-Schl\u00fcssel notiert. Die Saiten k\u00f6nnen mit einem <strong>Bogen<\/strong> gestrichen, mit den Fingern gezupft oder mit dem Daumen angeschlagen (geslappt) werden.<\/p>\n<p>Das Instrument wird auf einem hohen Hocker <strong>sitzend oder im Stehen<\/strong> gespielt.<\/p>\n<p>Die vier Saiten des heutigen Kontrabasses sind meistens auf die T\u00f6ne \u201aE &#8211; ,A &#8211; D &#8211; G gestimmt. Da dem Instrument unterhalb der E-Saite vier T\u00f6ne bis zum Kontra-C fehlen, die man jedoch im Sinfonieorchester h\u00e4ufig ben\u00f6tigt, werden dort auch Kontrab\u00e4sse mit einer f\u00fcnften Saite verwendet, die auf Kontra-C (in Deutschland auch Subkontra-H) gestimmt wird.<\/p>\n<p>Eine bauliche Besonderheit stellen die <strong>Stimmwirbel <\/strong>dar. W\u00e4hrend es sich bei den anderen Streichinstrumenten um einfache Holzwirbel aus Palisander oder Ebenholz handelt, besitzen Kontrab\u00e4sse wegen des starken Zuges der Saiten metallische Schneckengetriebe.<\/p>\n<p>Der Kontrabass findet in den Sinfonieorchestern, ebenso wie in der Volks- und Blasmusik, der Rockmusik, aber auch im Jazz und der Bigband Verwendung.<\/p>\n<p>Im klassischen Streichorchester bilden erste und zweite <a href=\"https:\/\/musiculum.de\/geige\/\">Violinen<\/a> (Sopran und Alt), <a href=\"https:\/\/musiculum.de\/bratsche\/\">Bratschen<\/a> (Tenor) und <a href=\"https:\/\/musiculum.de\/cello\/\">Celli<\/a> (Bass) einen vierstimmigen Satz, dessen Unterstimme die Kontrab\u00e4sse in der Oktave verdoppeln, um so den Gesamtklang abzurunden. Diese Oktavverdopplung tr\u00e4gt wesentlich zum Orchesterklang bei. Meist werden Celli und Kontrab\u00e4sse zusammen in einem einzigen System notiert. Erst ab der sp\u00e4ten Klassik und Romantik wurde eine Trennung zwischen Celli und Kontrab\u00e4ssen in eigene Notensysteme h\u00e4ufiger. Daneben gibt es etliche Solokonzerte f\u00fcr Kontrabass und Orchester.<\/p>\n<h6>Solo Suite f\u00fcr Kontrabass, komponiert und gespielt von Alexander Verster<\/h6>\n<div class=\"lyte-wrapper fourthree\" style=\"width:480px;max-width:100%;margin:5px;\"><div class=\"lyMe\" id=\"WYL_q_tGHTkKhRM\"><div id=\"lyte_q_tGHTkKhRM\" data-src=\"https:\/\/musiculum.de\/wp-content\/plugins\/wp-youtube-lyte\/lyteCache.php?origThumbUrl=%2F%2Fi.ytimg.com%2Fvi%2Fq_tGHTkKhRM%2Fhqdefault.jpg\" class=\"pL\"><div class=\"tC\"><div class=\"tT\"><\/div><\/div><div class=\"play\"><\/div><div class=\"ctrl\"><div class=\"Lctrl\"><\/div><div class=\"Rctrl\"><\/div><\/div><\/div><noscript><a href=\"https:\/\/youtu.be\/q_tGHTkKhRM\" rel=\"nofollow\"><img loading=\"lazy\" decoding=\"async\" src=\"https:\/\/musiculum.de\/wp-content\/plugins\/wp-youtube-lyte\/lyteCache.php?origThumbUrl=https%3A%2F%2Fi.ytimg.com%2Fvi%2Fq_tGHTkKhRM%2F0.jpg\" alt=\"YouTube video thumbnail\" width=\"480\" height=\"340\" \/><br \/>Watch this video on YouTube<\/a><\/noscript><\/div><\/div><div class=\"lL\" style=\"max-width:100%;width:480px;margin:5px;\"><br\/><span class=\"lyte_disclaimer\">Durch das Abspielen werden auf externe Inhalte zugegriffen. Mehr auf unserer <a href=\"https:\/\/musiculum.de\/index.php\/datenschutz\">Datenschutzerkl\u00e4rung<\/a><\/span><\/div><\/p>\n<h3>Weiteres Material<\/h3>\n<p><a href=\"https:\/\/musiculum.de\/index.php\/arbeitsbogen-kontrabass\/\">L\u00fcckentext Kontrabass<\/a><\/p>\n<p><a href=\"https:\/\/musiculum.de\/index.php\/benenne-die-teile-des-kontrabasses\/\">Benenne die Teile des Kontrabasses<\/a><\/p>\n","protected":false},"excerpt":{"rendered":"<p>Der Kontrabass ist das gr\u00f6\u00dfte und tiefste gebr\u00e4uchliche Streichinstrument. Der Name Kontrabass leitet sich von der Kontra-Oktave ab, deren T\u00f6ne auf ihm gespielt werden k\u00f6nnen. Er geh\u00f6rt wegen seiner abfallenden Schultern und der Saitenstimmung in Quarten (Vierton-Abstand) in die Familie der Gamben. Seine Entwicklung begann im 16. Jahrhundert in Italien. Er ist ungef\u00e4hr 1,8 m [&hellip;]<\/p>\n","protected":false},"author":1,"featured_media":2676,"comment_status":"closed","ping_status":"closed","sticky":false,"template":"","format":"standard","meta":{"footnotes":""},"categories":[11,12,13],"tags":[],"class_list":["post-2567","post","type-post","status-publish","format-standard","has-post-thumbnail","hentry","category-saiteninstrumente","category-streichinstrumente","category-zupfinstrumente"],"yoast_head":"<!-- This site is optimized with the Yoast SEO plugin v27.4 - https:\/\/yoast.com\/product\/yoast-seo-wordpress\/ -->\n<title>Der Kontrabass - musiculum<\/title>\n<meta name=\"robots\" content=\"index, follow, max-snippet:-1, max-image-preview:large, max-video-preview:-1\" \/>\n<link rel=\"canonical\" href=\"https:\/\/musiculum.de\/kontrabass\/\" \/>\n<meta property=\"og:locale\" content=\"de_DE\" \/>\n<meta property=\"og:type\" content=\"article\" \/>\n<meta property=\"og:title\" content=\"Der Kontrabass - musiculum\" \/>\n<meta property=\"og:description\" content=\"Der Kontrabass ist das gr\u00f6\u00dfte und tiefste gebr\u00e4uchliche Streichinstrument. Der Name Kontrabass leitet sich von der Kontra-Oktave ab, deren T\u00f6ne auf ihm gespielt werden k\u00f6nnen. Er geh\u00f6rt wegen seiner abfallenden Schultern und der Saitenstimmung in Quarten (Vierton-Abstand) in die Familie der Gamben. Seine Entwicklung begann im 16. Jahrhundert in Italien. Er ist ungef\u00e4hr 1,8 m [&hellip;]\" \/>\n<meta property=\"og:url\" content=\"https:\/\/musiculum.de\/kontrabass\/\" \/>\n<meta property=\"og:site_name\" content=\"musiculum\" \/>\n<meta property=\"article:published_time\" content=\"2020-07-29T09:35:31+00:00\" \/>\n<meta property=\"article:modified_time\" content=\"2021-03-08T10:52:31+00:00\" \/>\n<meta property=\"og:image\" content=\"https:\/\/musiculum.de\/wp-content\/uploads\/2021\/02\/Kontrabass.jpg\" \/>\n\t<meta property=\"og:image:width\" content=\"550\" \/>\n\t<meta property=\"og:image:height\" content=\"549\" \/>\n\t<meta property=\"og:image:type\" content=\"image\/jpeg\" \/>\n<meta name=\"author\" content=\"musiculum-admin\" \/>\n<meta name=\"twitter:card\" content=\"summary_large_image\" \/>\n<meta name=\"twitter:label1\" content=\"Geschrieben von\" \/>\n\t<meta name=\"twitter:data1\" content=\"musiculum-admin\" \/>\n\t<meta name=\"twitter:label2\" content=\"Gesch\u00e4tzte Lesezeit\" \/>\n\t<meta name=\"twitter:data2\" content=\"2\u00a0Minuten\" \/>\n<script type=\"application\/ld+json\" class=\"yoast-schema-graph\">{\"@context\":\"https:\\\/\\\/schema.org\",\"@graph\":[{\"@type\":\"Article\",\"@id\":\"https:\\\/\\\/musiculum.de\\\/kontrabass\\\/#article\",\"isPartOf\":{\"@id\":\"https:\\\/\\\/musiculum.de\\\/kontrabass\\\/\"},\"author\":{\"name\":\"musiculum-admin\",\"@id\":\"https:\\\/\\\/musiculum.de\\\/#\\\/schema\\\/person\\\/24d5a0ef907032579527c149323a8546\"},\"headline\":\"Der Kontrabass\",\"datePublished\":\"2020-07-29T09:35:31+00:00\",\"dateModified\":\"2021-03-08T10:52:31+00:00\",\"mainEntityOfPage\":{\"@id\":\"https:\\\/\\\/musiculum.de\\\/kontrabass\\\/\"},\"wordCount\":342,\"image\":{\"@id\":\"https:\\\/\\\/musiculum.de\\\/kontrabass\\\/#primaryimage\"},\"thumbnailUrl\":\"https:\\\/\\\/musiculum.de\\\/wp-content\\\/uploads\\\/2021\\\/02\\\/Kontrabass.jpg\",\"articleSection\":[\"Saiteninstrumente\",\"Streichinstrumente\",\"Zupfinstrumente\"],\"inLanguage\":\"de\"},{\"@type\":\"WebPage\",\"@id\":\"https:\\\/\\\/musiculum.de\\\/kontrabass\\\/\",\"url\":\"https:\\\/\\\/musiculum.de\\\/kontrabass\\\/\",\"name\":\"Der Kontrabass - musiculum\",\"isPartOf\":{\"@id\":\"https:\\\/\\\/musiculum.de\\\/#website\"},\"primaryImageOfPage\":{\"@id\":\"https:\\\/\\\/musiculum.de\\\/kontrabass\\\/#primaryimage\"},\"image\":{\"@id\":\"https:\\\/\\\/musiculum.de\\\/kontrabass\\\/#primaryimage\"},\"thumbnailUrl\":\"https:\\\/\\\/musiculum.de\\\/wp-content\\\/uploads\\\/2021\\\/02\\\/Kontrabass.jpg\",\"datePublished\":\"2020-07-29T09:35:31+00:00\",\"dateModified\":\"2021-03-08T10:52:31+00:00\",\"author\":{\"@id\":\"https:\\\/\\\/musiculum.de\\\/#\\\/schema\\\/person\\\/24d5a0ef907032579527c149323a8546\"},\"breadcrumb\":{\"@id\":\"https:\\\/\\\/musiculum.de\\\/kontrabass\\\/#breadcrumb\"},\"inLanguage\":\"de\",\"potentialAction\":[{\"@type\":\"ReadAction\",\"target\":[\"https:\\\/\\\/musiculum.de\\\/kontrabass\\\/\"]}]},{\"@type\":\"ImageObject\",\"inLanguage\":\"de\",\"@id\":\"https:\\\/\\\/musiculum.de\\\/kontrabass\\\/#primaryimage\",\"url\":\"https:\\\/\\\/musiculum.de\\\/wp-content\\\/uploads\\\/2021\\\/02\\\/Kontrabass.jpg\",\"contentUrl\":\"https:\\\/\\\/musiculum.de\\\/wp-content\\\/uploads\\\/2021\\\/02\\\/Kontrabass.jpg\",\"width\":550,\"height\":549,\"caption\":\"Kontrabass\"},{\"@type\":\"BreadcrumbList\",\"@id\":\"https:\\\/\\\/musiculum.de\\\/kontrabass\\\/#breadcrumb\",\"itemListElement\":[{\"@type\":\"ListItem\",\"position\":1,\"name\":\"Startseite\",\"item\":\"https:\\\/\\\/musiculum.de\\\/\"},{\"@type\":\"ListItem\",\"position\":2,\"name\":\"Der Kontrabass\"}]},{\"@type\":\"WebSite\",\"@id\":\"https:\\\/\\\/musiculum.de\\\/#website\",\"url\":\"https:\\\/\\\/musiculum.de\\\/\",\"name\":\"musiculum\",\"description\":\"Lern- und Experimentierwerkstatt f\u00fcr Kinder und Jugendliche\",\"potentialAction\":[{\"@type\":\"SearchAction\",\"target\":{\"@type\":\"EntryPoint\",\"urlTemplate\":\"https:\\\/\\\/musiculum.de\\\/?s={search_term_string}\"},\"query-input\":{\"@type\":\"PropertyValueSpecification\",\"valueRequired\":true,\"valueName\":\"search_term_string\"}}],\"inLanguage\":\"de\"},{\"@type\":\"Person\",\"@id\":\"https:\\\/\\\/musiculum.de\\\/#\\\/schema\\\/person\\\/24d5a0ef907032579527c149323a8546\",\"name\":\"musiculum-admin\",\"url\":\"https:\\\/\\\/musiculum.de\\\/index.php\\\/author\\\/musiculum-admin\\\/\"}]}<\/script>\n<!-- \/ Yoast SEO plugin. -->","yoast_head_json":{"title":"Der Kontrabass - musiculum","robots":{"index":"index","follow":"follow","max-snippet":"max-snippet:-1","max-image-preview":"max-image-preview:large","max-video-preview":"max-video-preview:-1"},"canonical":"https:\/\/musiculum.de\/kontrabass\/","og_locale":"de_DE","og_type":"article","og_title":"Der Kontrabass - musiculum","og_description":"Der Kontrabass ist das gr\u00f6\u00dfte und tiefste gebr\u00e4uchliche Streichinstrument. Der Name Kontrabass leitet sich von der Kontra-Oktave ab, deren T\u00f6ne auf ihm gespielt werden k\u00f6nnen. Er geh\u00f6rt wegen seiner abfallenden Schultern und der Saitenstimmung in Quarten (Vierton-Abstand) in die Familie der Gamben. Seine Entwicklung begann im 16. Jahrhundert in Italien. Er ist ungef\u00e4hr 1,8 m [&hellip;]","og_url":"https:\/\/musiculum.de\/kontrabass\/","og_site_name":"musiculum","article_published_time":"2020-07-29T09:35:31+00:00","article_modified_time":"2021-03-08T10:52:31+00:00","og_image":[{"width":550,"height":549,"url":"https:\/\/musiculum.de\/wp-content\/uploads\/2021\/02\/Kontrabass.jpg","type":"image\/jpeg"}],"author":"musiculum-admin","twitter_card":"summary_large_image","twitter_misc":{"Geschrieben von":"musiculum-admin","Gesch\u00e4tzte Lesezeit":"2\u00a0Minuten"},"schema":{"@context":"https:\/\/schema.org","@graph":[{"@type":"Article","@id":"https:\/\/musiculum.de\/kontrabass\/#article","isPartOf":{"@id":"https:\/\/musiculum.de\/kontrabass\/"},"author":{"name":"musiculum-admin","@id":"https:\/\/musiculum.de\/#\/schema\/person\/24d5a0ef907032579527c149323a8546"},"headline":"Der Kontrabass","datePublished":"2020-07-29T09:35:31+00:00","dateModified":"2021-03-08T10:52:31+00:00","mainEntityOfPage":{"@id":"https:\/\/musiculum.de\/kontrabass\/"},"wordCount":342,"image":{"@id":"https:\/\/musiculum.de\/kontrabass\/#primaryimage"},"thumbnailUrl":"https:\/\/musiculum.de\/wp-content\/uploads\/2021\/02\/Kontrabass.jpg","articleSection":["Saiteninstrumente","Streichinstrumente","Zupfinstrumente"],"inLanguage":"de"},{"@type":"WebPage","@id":"https:\/\/musiculum.de\/kontrabass\/","url":"https:\/\/musiculum.de\/kontrabass\/","name":"Der Kontrabass - musiculum","isPartOf":{"@id":"https:\/\/musiculum.de\/#website"},"primaryImageOfPage":{"@id":"https:\/\/musiculum.de\/kontrabass\/#primaryimage"},"image":{"@id":"https:\/\/musiculum.de\/kontrabass\/#primaryimage"},"thumbnailUrl":"https:\/\/musiculum.de\/wp-content\/uploads\/2021\/02\/Kontrabass.jpg","datePublished":"2020-07-29T09:35:31+00:00","dateModified":"2021-03-08T10:52:31+00:00","author":{"@id":"https:\/\/musiculum.de\/#\/schema\/person\/24d5a0ef907032579527c149323a8546"},"breadcrumb":{"@id":"https:\/\/musiculum.de\/kontrabass\/#breadcrumb"},"inLanguage":"de","potentialAction":[{"@type":"ReadAction","target":["https:\/\/musiculum.de\/kontrabass\/"]}]},{"@type":"ImageObject","inLanguage":"de","@id":"https:\/\/musiculum.de\/kontrabass\/#primaryimage","url":"https:\/\/musiculum.de\/wp-content\/uploads\/2021\/02\/Kontrabass.jpg","contentUrl":"https:\/\/musiculum.de\/wp-content\/uploads\/2021\/02\/Kontrabass.jpg","width":550,"height":549,"caption":"Kontrabass"},{"@type":"BreadcrumbList","@id":"https:\/\/musiculum.de\/kontrabass\/#breadcrumb","itemListElement":[{"@type":"ListItem","position":1,"name":"Startseite","item":"https:\/\/musiculum.de\/"},{"@type":"ListItem","position":2,"name":"Der Kontrabass"}]},{"@type":"WebSite","@id":"https:\/\/musiculum.de\/#website","url":"https:\/\/musiculum.de\/","name":"musiculum","description":"Lern- und Experimentierwerkstatt f\u00fcr Kinder und Jugendliche","potentialAction":[{"@type":"SearchAction","target":{"@type":"EntryPoint","urlTemplate":"https:\/\/musiculum.de\/?s={search_term_string}"},"query-input":{"@type":"PropertyValueSpecification","valueRequired":true,"valueName":"search_term_string"}}],"inLanguage":"de"},{"@type":"Person","@id":"https:\/\/musiculum.de\/#\/schema\/person\/24d5a0ef907032579527c149323a8546","name":"musiculum-admin","url":"https:\/\/musiculum.de\/index.php\/author\/musiculum-admin\/"}]}},"_links":{"self":[{"href":"https:\/\/musiculum.de\/index.php\/wp-json\/wp\/v2\/posts\/2567","targetHints":{"allow":["GET"]}}],"collection":[{"href":"https:\/\/musiculum.de\/index.php\/wp-json\/wp\/v2\/posts"}],"about":[{"href":"https:\/\/musiculum.de\/index.php\/wp-json\/wp\/v2\/types\/post"}],"author":[{"embeddable":true,"href":"https:\/\/musiculum.de\/index.php\/wp-json\/wp\/v2\/users\/1"}],"replies":[{"embeddable":true,"href":"https:\/\/musiculum.de\/index.php\/wp-json\/wp\/v2\/comments?post=2567"}],"version-history":[{"count":5,"href":"https:\/\/musiculum.de\/index.php\/wp-json\/wp\/v2\/posts\/2567\/revisions"}],"predecessor-version":[{"id":3345,"href":"https:\/\/musiculum.de\/index.php\/wp-json\/wp\/v2\/posts\/2567\/revisions\/3345"}],"wp:featuredmedia":[{"embeddable":true,"href":"https:\/\/musiculum.de\/index.php\/wp-json\/wp\/v2\/media\/2676"}],"wp:attachment":[{"href":"https:\/\/musiculum.de\/index.php\/wp-json\/wp\/v2\/media?parent=2567"}],"wp:term":[{"taxonomy":"category","embeddable":true,"href":"https:\/\/musiculum.de\/index.php\/wp-json\/wp\/v2\/categories?post=2567"},{"taxonomy":"post_tag","embeddable":true,"href":"https:\/\/musiculum.de\/index.php\/wp-json\/wp\/v2\/tags?post=2567"}],"curies":[{"name":"wp","href":"https:\/\/api.w.org\/{rel}","templated":true}]}}